{"content":"<div class=\"row inline-row\">\r\n                <div class=\"col-md-6 col-xs-12 inline-col feed-item\">\r\n            <div class=\"clearfix\">\r\n            <div class=\"img \">\r\n            <a  href=\"https:\/\/mkik.hu\/hirek\/ket-nap-amikor-szolnok-lesz-magyarorszag-gasztronomiai-fovarosa-a-kamara-tamogatasaval\" title=\"K\u00e9t nap, amikor Szolnok lesz Magyarorsz\u00e1g gasztron\u00f3miai f\u0151v\u00e1rosa a Kamara t\u00e1mogat\u00e1s\u00e1val\" tabindex=\"-1\" aria-hidden=\"true\">\r\n                <img class=\"img-responsive img-center\" src=\"\/uploads\/feed_items\/small-fejlec-me26-1776869558063.jpg\" alt=\"K\u00e9t nap, amikor Szolnok lesz Magyarorsz\u00e1g gasztron\u00f3miai f\u0151v\u00e1rosa a Kamara t\u00e1mogat\u00e1s\u00e1val\">\r\n            <\/a>\r\n        <\/div>\r\n        <div class=\"col-xs-7 info\">\r\n        <div class=\"title\" role=\"heading\" aria-level=\"4\"><a  href=\"https:\/\/mkik.hu\/hirek\/ket-nap-amikor-szolnok-lesz-magyarorszag-gasztronomiai-fovarosa-a-kamara-tamogatasaval\">K\u00e9t nap, amikor Szolnok lesz Magyarorsz\u00e1g gasztron\u00f3miai f\u0151v\u00e1rosa a Kamara t\u00e1mogat\u00e1s\u00e1val<\/a><\/div>\r\n                    <ul class=\"categories\">\r\n                                    <li><a style=\"background: #5db47c; color: #000000\" href=\"https:\/\/mkik.hu\/hirek\/magyar-kereskedelmi-es-iparkamara\" aria-label=\"Magyar Kereskedelmi \u00e9s Iparkamara kateg\u00f3ri\u00e1k megnyit\u00e1sa\">Magyar Kereskedelmi \u00e9s Iparkamara<\/a><\/li>\r\n                                    <li><a style=\"background: #c6a93f; color: #ffffff\" href=\"https:\/\/mkik.hu\/hirek\/rendezveny\" aria-label=\"Rendezv\u00e9ny kateg\u00f3ri\u00e1k megnyit\u00e1sa\">Rendezv\u00e9ny<\/a><\/li>\r\n                                <li><span class=\"public-at\">2026. \u00e1prilis 21.<\/span><\/li>\r\n            <\/ul>\r\n                <div class=\"desc\">K\u00e9t napon \u00e1t, 2026. \u00e1prilis 25-\u00e9n \u00e9s 26-\u00e1n\u00a0Szolnok v\u00e1lik a magyar gasztron\u00f3mia l\u00fcktet\u0151 k\u00f6zpontj\u00e1v\u00e1, amikor a Debreceni Egyetem Szolnok Campusa ad otthont az V. Magyar Gasztron\u00f3mia Napj\u00e1nak, amelyet a Magyar Kereskedelmi \u00e9s Iparkamara is t\u00e1mogat.<\/div>\r\n    <\/div>\r\n<\/div>        <\/div>\r\n            <div class=\"col-md-6 col-xs-12 inline-col feed-item\">\r\n            <div class=\"clearfix\">\r\n            <div class=\"img \">\r\n            <a  href=\"https:\/\/mkik.hu\/hirek\/az-mkik-es-a-magyarfrancia-kereskedelmi-es-iparkamara-egyuttmukodesi-megallapodast-irt-ala\" title=\"Az MKIK \u00e9s a Magyar\u2013Francia Kereskedelmi \u00e9s Iparkamara egy\u00fcttm\u0171k\u00f6d\u00e9si meg\u00e1llapod\u00e1st \u00edrt al\u00e1\" tabindex=\"-1\" aria-hidden=\"true\">\r\n                <img class=\"img-responsive img-center\" src=\"\/uploads\/feed_items\/small-dsc-2016-17764108641981.jpg\" alt=\"Az MKIK \u00e9s a Magyar\u2013Francia Kereskedelmi \u00e9s Iparkamara egy\u00fcttm\u0171k\u00f6d\u00e9si meg\u00e1llapod\u00e1st \u00edrt al...\">\r\n            <\/a>\r\n        <\/div>\r\n        <div class=\"col-xs-7 info\">\r\n        <div class=\"title\" role=\"heading\" aria-level=\"4\"><a  href=\"https:\/\/mkik.hu\/hirek\/az-mkik-es-a-magyarfrancia-kereskedelmi-es-iparkamara-egyuttmukodesi-megallapodast-irt-ala\">Az MKIK \u00e9s a Magyar\u2013Francia Kereskedelmi \u00e9s Iparkamara egy\u00fcttm\u0171k\u00f6d\u00e9si meg\u00e1llapod\u00e1st \u00edrt al\u00e1<\/a><\/div>\r\n                    <ul class=\"categories\">\r\n                                    <li><a style=\"background: #5db47c; color: #000000\" href=\"https:\/\/mkik.hu\/hirek\/magyar-kereskedelmi-es-iparkamara\" aria-label=\"Magyar Kereskedelmi \u00e9s Iparkamara kateg\u00f3ri\u00e1k megnyit\u00e1sa\">Magyar Kereskedelmi \u00e9s Iparkamara<\/a><\/li>\r\n                                    <li><a style=\"background: #13653e; color: #ffffff\" href=\"https:\/\/mkik.hu\/hirek\/kulgazdasag\" aria-label=\"K\u00fclgazdas\u00e1g kateg\u00f3ri\u00e1k megnyit\u00e1sa\">K\u00fclgazdas\u00e1g<\/a><\/li>\r\n                                <li><span class=\"public-at\">2026. \u00e1prilis 17.<\/span><\/li>\r\n            <\/ul>\r\n                <div class=\"desc\">Az egy\u00fcttm\u0171k\u00f6d\u00e9s c\u00e9lja a k\u00e9t kamara k\u00f6z\u00f6tti egy\u00fcttm\u0171k\u00f6d\u00e9s er\u0151s\u00edt\u00e9se a magyar-francia gazdas\u00e1gi \u00e9s kereskedelmi kapcsolatok \u00f6szt\u00f6nz\u00e9se, valamint a k\u00f6z\u00f6s \u00fczleti \u00e9s szakmai kezdem\u00e9nyez\u00e9sek l\u00e9trehoz\u00e1sa \u00e9rdek\u00e9ben.<\/div>\r\n    <\/div>\r\n<\/div>        <\/div>\r\n            <div class=\"col-md-6 col-xs-12 inline-col feed-item\">\r\n            <div class=\"clearfix\">\r\n            <div class=\"img \">\r\n            <a  href=\"https:\/\/mkik.hu\/hirek\/a-magyar-kereskedelmi-es-iparkamara-a-magyar-gazdasagert\" title=\"A Magyar Kereskedelmi \u00e9s Iparkamara a magyar gazdas\u00e1g\u00e9rt\" tabindex=\"-1\" aria-hidden=\"true\">\r\n                <img class=\"img-responsive img-center\" src=\"\/images\/no-feed-item.png\" alt=\"A Magyar Kereskedelmi \u00e9s Iparkamara a magyar gazdas\u00e1g\u00e9rt\">\r\n            <\/a>\r\n        <\/div>\r\n        <div class=\"col-xs-7 info\">\r\n        <div class=\"title\" role=\"heading\" aria-level=\"4\"><a  href=\"https:\/\/mkik.hu\/hirek\/a-magyar-kereskedelmi-es-iparkamara-a-magyar-gazdasagert\">A Magyar Kereskedelmi \u00e9s Iparkamara a magyar gazdas\u00e1g\u00e9rt<\/a><\/div>\r\n                    <ul class=\"categories\">\r\n                                    <li><a style=\"background: #5db47c; color: #000000\" href=\"https:\/\/mkik.hu\/hirek\/magyar-kereskedelmi-es-iparkamara\" aria-label=\"Magyar Kereskedelmi \u00e9s Iparkamara kateg\u00f3ri\u00e1k megnyit\u00e1sa\">Magyar Kereskedelmi \u00e9s Iparkamara<\/a><\/li>\r\n                                    <li><a style=\"background: #823a95; color: #ffffff\" href=\"https:\/\/mkik.hu\/hirek\/sajtokozlemeny\" aria-label=\"Sajt\u00f3k\u00f6zlem\u00e9ny kateg\u00f3ri\u00e1k megnyit\u00e1sa\">Sajt\u00f3k\u00f6zlem\u00e9ny<\/a><\/li>\r\n                                <li><span class=\"public-at\">2026. \u00e1prilis 14.<\/span><\/li>\r\n            <\/ul>\r\n                <div class=\"desc\">A parlamenti v\u00e1laszt\u00e1sokat k\u00f6vet\u0151en a kamara vezet\u00e9se megk\u00f6sz\u00f6ni a lek\u00f6sz\u00f6n\u0151 korm\u00e1nynak az elm\u00falt m\u00e1sf\u00e9l \u00e9ves munk\u00e1t, gratul\u00e1l a v\u00e1laszt\u00e1son gy\u0151ztes, korm\u00e1nyt alak\u00edt\u00f3 TISZA p\u00e1rtnak.<\/div>\r\n    <\/div>\r\n<\/div>        <\/div>\r\n            <div class=\"col-md-6 col-xs-12 inline-col feed-item\">\r\n            <div class=\"clearfix\">\r\n            <div class=\"img \">\r\n            <a  href=\"https:\/\/mkik.hu\/hirek\/uzleti-lehetosegek-vietnamban\" title=\"\u00dczleti lehet\u0151s\u00e9gek Vietn\u00e1mban\" tabindex=\"-1\" aria-hidden=\"true\">\r\n                <img class=\"img-responsive img-center\" src=\"\/uploads\/feed_items\/small-youtube-indexkep-mkik-masolata-12-17758049496928.png\" alt=\"\u00dczleti lehet\u0151s\u00e9gek Vietn\u00e1mban\">\r\n            <\/a>\r\n        <\/div>\r\n        <div class=\"col-xs-7 info\">\r\n        <div class=\"title\" role=\"heading\" aria-level=\"4\"><a  href=\"https:\/\/mkik.hu\/hirek\/uzleti-lehetosegek-vietnamban\">\u00dczleti lehet\u0151s\u00e9gek Vietn\u00e1mban<\/a><\/div>\r\n                    <ul class=\"categories\">\r\n                                    <li><a style=\"background: #5db47c; color: #000000\" href=\"https:\/\/mkik.hu\/hirek\/magyar-kereskedelmi-es-iparkamara\" aria-label=\"Magyar Kereskedelmi \u00e9s Iparkamara kateg\u00f3ri\u00e1k megnyit\u00e1sa\">Magyar Kereskedelmi \u00e9s Iparkamara<\/a><\/li>\r\n                                    <li><a style=\"background: #13653e; color: #ffffff\" href=\"https:\/\/mkik.hu\/hirek\/kulgazdasag\" aria-label=\"K\u00fclgazdas\u00e1g kateg\u00f3ri\u00e1k megnyit\u00e1sa\">K\u00fclgazdas\u00e1g<\/a><\/li>\r\n                                <li><span class=\"public-at\">2026. \u00e1prilis 10.<\/span><\/li>\r\n            <\/ul>\r\n                <div class=\"desc\">A Magyarorsz\u00e1g-Vietn\u00e1m k\u00f6zti k\u00e9toldal\u00fa kereskedelmi \u00e9s gazdas\u00e1gi kapcsolatok elm\u00e9ly\u00edt\u00e9se, valamint a magyar v\u00e1llalatok Vietn\u00e1mmal kapcsolatos tud\u00e1s\u00e1nak b\u0151v\u00edt\u00e9se volt a c\u00e9l.<\/div>\r\n    <\/div>\r\n<\/div>        <\/div>\r\n            <div class=\"col-md-6 col-xs-12 inline-col feed-item\">\r\n            <div class=\"clearfix\">\r\n            <div class=\"img \">\r\n            <a  href=\"https:\/\/mkik.hu\/hirek\/uj-exportplatform-indul-a-kamara-strategiai-tamogatasaval\" title=\"\u00daj exportplatform indul a Kamara strat\u00e9giai t\u00e1mogat\u00e1s\u00e1val\" tabindex=\"-1\" aria-hidden=\"true\">\r\n                <img class=\"img-responsive img-center\" src=\"\/uploads\/feed_items\/small-design-build-klaszter-17751438672437.jpg\" alt=\"\u00daj exportplatform indul a Kamara strat\u00e9giai t\u00e1mogat\u00e1s\u00e1val\">\r\n            <\/a>\r\n        <\/div>\r\n        <div class=\"col-xs-7 info\">\r\n        <div class=\"title\" role=\"heading\" aria-level=\"4\"><a  href=\"https:\/\/mkik.hu\/hirek\/uj-exportplatform-indul-a-kamara-strategiai-tamogatasaval\">\u00daj exportplatform indul a Kamara strat\u00e9giai t\u00e1mogat\u00e1s\u00e1val<\/a><\/div>\r\n                    <ul class=\"categories\">\r\n                                    <li><a style=\"background: #5db47c; color: #000000\" href=\"https:\/\/mkik.hu\/hirek\/magyar-kereskedelmi-es-iparkamara\" aria-label=\"Magyar Kereskedelmi \u00e9s Iparkamara kateg\u00f3ri\u00e1k megnyit\u00e1sa\">Magyar Kereskedelmi \u00e9s Iparkamara<\/a><\/li>\r\n                                    <li><a style=\"background: #823a95; color: #ffffff\" href=\"https:\/\/mkik.hu\/hirek\/sajtokozlemeny\" aria-label=\"Sajt\u00f3k\u00f6zlem\u00e9ny kateg\u00f3ri\u00e1k megnyit\u00e1sa\">Sajt\u00f3k\u00f6zlem\u00e9ny<\/a><\/li>\r\n                                <li><span class=\"public-at\">2026. \u00e1prilis 02.<\/span><\/li>\r\n            <\/ul>\r\n                <div class=\"desc\">A Kamara \u00e9s a Magyar Tervez\u0151i \u00e9s \u00c9p\u00edt\u00e9szeti Sz\u00f6vets\u00e9g Klaszter egy\u00fcttm\u0171k\u00f6d\u00e9s\u00e9vel megalakult a magyar Design &amp; Build Klaszter. C\u00e9l, hogy a magyar ipar\u00e1gi kompetenci\u00e1k szervezett form\u00e1ban jelenjenek meg a nemzetk\u00f6zi piacokon.<\/div>\r\n    <\/div>\r\n<\/div>        <\/div>\r\n            <div class=\"col-md-6 col-xs-12 inline-col feed-item\">\r\n            <div class=\"clearfix\">\r\n            <div class=\"img \">\r\n            <a  href=\"https:\/\/mkik.hu\/hirek\/a-nulladik-lepes-program-valodi-tudast-mentoralast-es-gyakorlati-tapasztalatokat-ad-mti\" title=\"A Nulladik L\u00e9p\u00e9s program val\u00f3di tud\u00e1st, mentor\u00e1l\u00e1st \u00e9s gyakorlati tapasztalatokat ad \u2013 MTI\" tabindex=\"-1\" aria-hidden=\"true\">\r\n                <img class=\"img-responsive img-center\" src=\"\/images\/no-feed-item.png\" alt=\"A Nulladik L\u00e9p\u00e9s program val\u00f3di tud\u00e1st, mentor\u00e1l\u00e1st \u00e9s gyakorlati tapasztalatokat ad \u2013 MTI\">\r\n            <\/a>\r\n        <\/div>\r\n        <div class=\"col-xs-7 info\">\r\n        <div class=\"title\" role=\"heading\" aria-level=\"4\"><a  href=\"https:\/\/mkik.hu\/hirek\/a-nulladik-lepes-program-valodi-tudast-mentoralast-es-gyakorlati-tapasztalatokat-ad-mti\">A Nulladik L\u00e9p\u00e9s program val\u00f3di tud\u00e1st, mentor\u00e1l\u00e1st \u00e9s gyakorlati tapasztalatokat ad \u2013 MTI<\/a><\/div>\r\n                    <ul class=\"categories\">\r\n                                    <li><a style=\"background: #5db47c; color: #000000\" href=\"https:\/\/mkik.hu\/hirek\/magyar-kereskedelmi-es-iparkamara\" aria-label=\"Magyar Kereskedelmi \u00e9s Iparkamara kateg\u00f3ri\u00e1k megnyit\u00e1sa\">Magyar Kereskedelmi \u00e9s Iparkamara<\/a><\/li>\r\n                                    <li><a style=\"background: #8dc63f; color: #fff\" href=\"https:\/\/mkik.hu\/hirek\/sajtoszemle\" aria-label=\"Sajt\u00f3szemle kateg\u00f3ri\u00e1k megnyit\u00e1sa\">Sajt\u00f3szemle<\/a><\/li>\r\n                                <li><span class=\"public-at\">2026. \u00e1prilis 02.<\/span><\/li>\r\n            <\/ul>\r\n                <div class=\"desc\">Cs\u00f3kay \u00c1kos, a Kamara f\u0151titk\u00e1ra a Nulladik L\u00e9p\u00e9s - V\u00e1llalkoz\u00e1sismereti roadshow \u00e9s mentorprogram kapcs\u00e1n kiemelte: az MKIK k\u00fcldet\u00e9s\u00e9nek tekinti, hogy t\u00e1mogassa a legfiatalabb gener\u00e1ci\u00f3t.<\/div>\r\n    <\/div>\r\n<\/div>        <\/div>\r\n            <div class=\"col-md-6 col-xs-12 inline-col feed-item\">\r\n            <div class=\"clearfix\">\r\n            <div class=\"img \">\r\n            <a  href=\"https:\/\/mkik.hu\/hirek\/palyamodositas-kontra-stagnalas-a-magyar-gazdasag-elott-allo-strategiai-dontesek-portfolio\" title=\"P\u00e1lyam\u00f3dos\u00edt\u00e1s kontra stagn\u00e1l\u00e1s - A magyar gazdas\u00e1g el\u0151tt \u00e1ll\u00f3 strat\u00e9giai d\u00f6nt\u00e9sek \u2013 Portfolio\" tabindex=\"-1\" aria-hidden=\"true\">\r\n                <img class=\"img-responsive img-center\" src=\"\/uploads\/feed_items\/small-acelipar-munkas-17751185353675.jpg\" alt=\"P\u00e1lyam\u00f3dos\u00edt\u00e1s kontra stagn\u00e1l\u00e1s - A magyar gazdas\u00e1g el\u0151tt \u00e1ll\u00f3 strat\u00e9giai d\u00f6nt\u00e9sek \u2013 Portf...\">\r\n            <\/a>\r\n        <\/div>\r\n        <div class=\"col-xs-7 info\">\r\n        <div class=\"title\" role=\"heading\" aria-level=\"4\"><a  href=\"https:\/\/mkik.hu\/hirek\/palyamodositas-kontra-stagnalas-a-magyar-gazdasag-elott-allo-strategiai-dontesek-portfolio\">P\u00e1lyam\u00f3dos\u00edt\u00e1s kontra stagn\u00e1l\u00e1s - A magyar gazdas\u00e1g el\u0151tt \u00e1ll\u00f3 strat\u00e9giai d\u00f6nt\u00e9sek \u2013 Portfolio<\/a><\/div>\r\n                    <ul class=\"categories\">\r\n                                    <li><a style=\"background: #5db47c; color: #000000\" href=\"https:\/\/mkik.hu\/hirek\/magyar-kereskedelmi-es-iparkamara\" aria-label=\"Magyar Kereskedelmi \u00e9s Iparkamara kateg\u00f3ri\u00e1k megnyit\u00e1sa\">Magyar Kereskedelmi \u00e9s Iparkamara<\/a><\/li>\r\n                                    <li><a style=\"background: #8dc63f; color: #fff\" href=\"https:\/\/mkik.hu\/hirek\/sajtoszemle\" aria-label=\"Sajt\u00f3szemle kateg\u00f3ri\u00e1k megnyit\u00e1sa\">Sajt\u00f3szemle<\/a><\/li>\r\n                                <li><span class=\"public-at\">2026. \u00e1prilis 02.<\/span><\/li>\r\n            <\/ul>\r\n                <div class=\"desc\">Nagy Elek, az MKIK eln\u00f6ke; Pint\u00e9r-P\u00e9ntek Imre, az MKIK \u00e1ltal\u00e1nos aleln\u00f6ke \u00e9s Balog \u00c1d\u00e1m, az MKIK gazdas\u00e1gfejleszt\u00e9s\u00e9rt felel\u0151s aleln\u00f6ke \u00edrt elemz\u00e9st a magyar gazdas\u00e1gr\u00f3l a Portfolio.hu online gazdas\u00e1gi \u00fajs\u00e1gban.<\/div>\r\n    <\/div>\r\n<\/div>        <\/div>\r\n            <div class=\"col-md-6 col-xs-12 inline-col feed-item\">\r\n            <div class=\"clearfix\">\r\n            <div class=\"img \">\r\n            <a  href=\"https:\/\/mkik.hu\/hirek\/xiv-orszagos-berugyviteli-bajnoksag\" title=\"XIV. Orsz\u00e1gos B\u00e9r\u00fcgyviteli Bajnoks\u00e1g\" tabindex=\"-1\" aria-hidden=\"true\">\r\n                <img class=\"img-responsive img-center\" src=\"\/images\/no-feed-item.png\" alt=\"XIV. Orsz\u00e1gos B\u00e9r\u00fcgyviteli Bajnoks\u00e1g\">\r\n            <\/a>\r\n        <\/div>\r\n        <div class=\"col-xs-7 info\">\r\n        <div class=\"title\" role=\"heading\" aria-level=\"4\"><a  href=\"https:\/\/mkik.hu\/hirek\/xiv-orszagos-berugyviteli-bajnoksag\">XIV. Orsz\u00e1gos B\u00e9r\u00fcgyviteli Bajnoks\u00e1g<\/a><\/div>\r\n                    <ul class=\"categories\">\r\n                                    <li><a style=\"background: #5db47c; color: #000000\" href=\"https:\/\/mkik.hu\/hirek\/magyar-kereskedelmi-es-iparkamara\" aria-label=\"Magyar Kereskedelmi \u00e9s Iparkamara kateg\u00f3ri\u00e1k megnyit\u00e1sa\">Magyar Kereskedelmi \u00e9s Iparkamara<\/a><\/li>\r\n                                    <li><a style=\"background: #c63fc0; color: #ffffff\" href=\"https:\/\/mkik.hu\/hirek\/felhivas\" aria-label=\"Felh\u00edv\u00e1s kateg\u00f3ri\u00e1k megnyit\u00e1sa\">Felh\u00edv\u00e1s<\/a><\/li>\r\n                                <li><span class=\"public-at\">2026. m\u00e1rcius 31.<\/span><\/li>\r\n            <\/ul>\r\n                <div class=\"desc\">A NEXON, a Budapesti Gazdas\u00e1gi Egyetem (BGE), a Magyar Kereskedelmi \u00e9s Iparkamara (MKIK) \u00e9s a Nemzeti Ad\u00f3- \u00e9s V\u00e1mhivatal (NAV) szakmai t\u00e1mogat\u00e1s\u00e1val id\u00e9n is elindul az orsz\u00e1g egyik legrangosabb b\u00e9r\u00fcgyvitel szakmai megm\u00e9rettet\u00e9se.<\/div>\r\n    <\/div>\r\n<\/div>        <\/div>\r\n    <\/div>\r\n\r\n<ul class=\"pagination text-center\">\r\n                    <li class=\"left\"><a aria-label=\"El\u0151z\u0151\" href=\"https:\/\/mkik.hu\/api\/feeds\/page?page=11\" rel=\"nofollow\"><i aria-hidden=\"true\" class=\"icon icon-arrow-flat-left\"><\/i><\/a><\/li>\r\n        \r\n                    \r\n                                                                        <li><a href=\"https:\/\/mkik.hu\/api\/feeds\/page?page=1\" rel=\"nofollow\" aria-label=\"1. oldal bet\u00f6lt\u00e9se\">01<\/a><\/li>\r\n                                                                                <li><a href=\"https:\/\/mkik.hu\/api\/feeds\/page?page=2\" rel=\"nofollow\" aria-label=\"2. oldal bet\u00f6lt\u00e9se\">02<\/a><\/li>\r\n                                                                                    <li class=\"disabled\"><span>...<\/span><\/li>\r\n            \r\n                                \r\n                                                                        <li><a href=\"https:\/\/mkik.hu\/api\/feeds\/page?page=9\" rel=\"nofollow\" aria-label=\"9. oldal bet\u00f6lt\u00e9se\">09<\/a><\/li>\r\n                                                                                <li><a href=\"https:\/\/mkik.hu\/api\/feeds\/page?page=10\" rel=\"nofollow\" aria-label=\"10. oldal bet\u00f6lt\u00e9se\">10<\/a><\/li>\r\n                                                                                <li><a href=\"https:\/\/mkik.hu\/api\/feeds\/page?page=11\" rel=\"nofollow\" aria-label=\"11. oldal bet\u00f6lt\u00e9se\">11<\/a><\/li>\r\n                                                                                <li class=\"active\"><span>12<\/span><\/li>\r\n                                                                                <li><a href=\"https:\/\/mkik.hu\/api\/feeds\/page?page=13\" rel=\"nofollow\" aria-label=\"13. oldal bet\u00f6lt\u00e9se\">13<\/a><\/li>\r\n                                                                                <li><a href=\"https:\/\/mkik.hu\/api\/feeds\/page?page=14\" rel=\"nofollow\" aria-label=\"14. oldal bet\u00f6lt\u00e9se\">14<\/a><\/li>\r\n                                                                                <li><a href=\"https:\/\/mkik.hu\/api\/feeds\/page?page=15\" rel=\"nofollow\" aria-label=\"15. oldal bet\u00f6lt\u00e9se\">15<\/a><\/li>\r\n                                                                                    <li class=\"disabled\"><span>...<\/span><\/li>\r\n            \r\n                                \r\n                                                                        <li><a href=\"https:\/\/mkik.hu\/api\/feeds\/page?page=112\" rel=\"nofollow\" aria-label=\"112. oldal bet\u00f6lt\u00e9se\">112<\/a><\/li>\r\n                                                                                <li><a href=\"https:\/\/mkik.hu\/api\/feeds\/page?page=113\" rel=\"nofollow\" aria-label=\"113. oldal bet\u00f6lt\u00e9se\">113<\/a><\/li>\r\n                                                        \r\n                    <li class=\"right\"><a aria-label=\"K\u00f6vetkez\u0151\" href=\"https:\/\/mkik.hu\/api\/feeds\/page?page=13\" rel=\"nofollow\"><i aria-hidden=\"true\" class=\"icon icon-arrow-flat-right\"><\/i><\/a><\/li>\r\n            <\/ul>\r\n\r\n","page":"12"}