{"content":"<div class=\"row inline-row\">\r\n                <div class=\"col-md-6 col-xs-12 inline-col feed-item\">\r\n            <div class=\"clearfix\">\r\n            <div class=\"img \">\r\n            <a  href=\"https:\/\/mkik.hu\/hirek\/kozosen-az-atalakulasban-a-nav-es-a-kamara-egyuttmukodese-a-vallalkozasokert-gymsmkik\" title=\"K\u00f6z\u00f6sen az \u00e1talakul\u00e1sban: a NAV \u00e9s a Kamara egy\u00fcttm\u0171k\u00f6d\u00e9se a v\u00e1llalkoz\u00e1sok\u00e9rt \u2013 GYMSMKIK\" tabindex=\"-1\" aria-hidden=\"true\">\r\n                <img class=\"img-responsive img-center\" src=\"\/images\/no-feed-item.png\" alt=\"K\u00f6z\u00f6sen az \u00e1talakul\u00e1sban: a NAV \u00e9s a Kamara egy\u00fcttm\u0171k\u00f6d\u00e9se a v\u00e1llalkoz\u00e1sok\u00e9rt \u2013 GYMSMKIK\">\r\n            <\/a>\r\n        <\/div>\r\n        <div class=\"col-xs-7 info\">\r\n        <div class=\"title\" role=\"heading\" aria-level=\"4\"><a  href=\"https:\/\/mkik.hu\/hirek\/kozosen-az-atalakulasban-a-nav-es-a-kamara-egyuttmukodese-a-vallalkozasokert-gymsmkik\">K\u00f6z\u00f6sen az \u00e1talakul\u00e1sban: a NAV \u00e9s a Kamara egy\u00fcttm\u0171k\u00f6d\u00e9se a v\u00e1llalkoz\u00e1sok\u00e9rt \u2013 GYMSMKIK<\/a><\/div>\r\n                    <ul class=\"categories\">\r\n                                    <li><a style=\"background: #8dc63f; color: #000000\" href=\"https:\/\/mkik.hu\/hirek\/terueleti-kamarai-hirek\" aria-label=\"Ter\u00fcleti kamarai h\u00edrek kateg\u00f3ri\u00e1k megnyit\u00e1sa\">Ter\u00fcleti kamarai h\u00edrek<\/a><\/li>\r\n                                <li><span class=\"public-at\">2026. augusztus 06.<\/span><\/li>\r\n            <\/ul>\r\n                <div class=\"desc\">Egy\u00fcttm\u0171k\u00f6d\u00e9si meg\u00e1llapod\u00e1st k\u00f6t a Nemzeti Ad\u00f3- \u00e9s V\u00e1mhivatal Gy\u0151r-Moson-Sopron V\u00e1rmegyei Ad\u00f3- \u00e9s V\u00e1migazgat\u00f3s\u00e1ga \u00e9s a Gy\u0151r-Moson-Sopron V\u00e1rmegyei Kereskedelmi \u00e9s Iparkamara, kezdet\u00e9t veszi a \u201eK\u00f6z\u00f6sen az \u00e1talakul\u00e1sban\u201d elnevez\u00e9s\u0171 projekt.<\/div>\r\n    <\/div>\r\n<\/div>        <\/div>\r\n            <div class=\"col-md-6 col-xs-12 inline-col feed-item\">\r\n            <div class=\"clearfix\">\r\n            <div class=\"img \">\r\n            <a  href=\"https:\/\/mkik.hu\/hirek\/megkezdodhet-a-demjan-sandor-tokeprogram-tokebefekteteseinek-vegrehajtasa-az-mfb-donteset-kovetoen\" title=\"Megkezd\u0151dhet a Demj\u00e1n S\u00e1ndor T\u0151keprogram t\u0151kebefektet\u00e9seinek v\u00e9grehajt\u00e1sa az MFB d\u00f6nt\u00e9s\u00e9t k\u00f6vet\u0151en\" tabindex=\"-1\" aria-hidden=\"true\">\r\n                <img class=\"img-responsive img-center\" src=\"\/images\/no-feed-item.png\" alt=\"Megkezd\u0151dhet a Demj\u00e1n S\u00e1ndor T\u0151keprogram t\u0151kebefektet\u00e9seinek v\u00e9grehajt\u00e1sa az MFB d\u00f6nt\u00e9s\u00e9t...\">\r\n            <\/a>\r\n        <\/div>\r\n        <div class=\"col-xs-7 info\">\r\n        <div class=\"title\" role=\"heading\" aria-level=\"4\"><a  href=\"https:\/\/mkik.hu\/hirek\/megkezdodhet-a-demjan-sandor-tokeprogram-tokebefekteteseinek-vegrehajtasa-az-mfb-donteset-kovetoen\">Megkezd\u0151dhet a Demj\u00e1n S\u00e1ndor T\u0151keprogram t\u0151kebefektet\u00e9seinek v\u00e9grehajt\u00e1sa az MFB d\u00f6nt\u00e9s\u00e9t k\u00f6vet\u0151en<\/a><\/div>\r\n                    <ul class=\"categories\">\r\n                                    <li><a style=\"background: #5db47c; color: #000000\" href=\"https:\/\/mkik.hu\/hirek\/magyar-kereskedelmi-es-iparkamara\" aria-label=\"Magyar Kereskedelmi \u00e9s Iparkamara kateg\u00f3ri\u00e1k megnyit\u00e1sa\">Magyar Kereskedelmi \u00e9s Iparkamara<\/a><\/li>\r\n                                    <li><a style=\"background: #823a95; color: #ffffff\" href=\"https:\/\/mkik.hu\/hirek\/sajtokozlemeny\" aria-label=\"Sajt\u00f3k\u00f6zlem\u00e9ny kateg\u00f3ri\u00e1k megnyit\u00e1sa\">Sajt\u00f3k\u00f6zlem\u00e9ny<\/a><\/li>\r\n                                <li><span class=\"public-at\">2026. augusztus 03.<\/span><\/li>\r\n            <\/ul>\r\n                <div class=\"desc\">Az MFB sajt\u00f3k\u00f6zlem\u00e9nye \u00e9rtelm\u00e9ben az egyeztet\u00e9sek \u00e9s a p\u00e1ly\u00e1zati \u00e9rt\u00e9kel\u00e9s eredm\u00e9nyek\u00e9nt a Demj\u00e1n S\u00e1ndor T\u0151keprogram keret\u00f6sszeg\u00e9t a felt\u00e9teleknek teljesk\u00f6r\u0171en megfelel\u0151 v\u00e1llalkoz\u00e1sok sz\u00e1m\u00e1hoz igaz\u00edtj\u00e1k.<\/div>\r\n    <\/div>\r\n<\/div>        <\/div>\r\n            <div class=\"col-md-6 col-xs-12 inline-col feed-item\">\r\n            <div class=\"clearfix\">\r\n            <div class=\"img \">\r\n            <a  href=\"https:\/\/mkik.hu\/hirek\/a-magyar-kereskedelmi-es-iparkamara-az-energiavalsagos-idoszakban-javaslatokat-fogalmaz-meg-a-vallalkozasok-szamara-a-gazdasag-mukodokepessegenek-megorzese-erdekeben\" title=\"A Magyar Kereskedelmi \u00e9s Iparkamara az energiav\u00e1ls\u00e1gos id\u0151szakban javaslatokat fogalmaz meg a v\u00e1llalkoz\u00e1sok sz\u00e1m\u00e1ra, a gazdas\u00e1g m\u0171k\u00f6d\u0151k\u00e9pess\u00e9g\u00e9nek meg\u0151rz\u00e9se \u00e9rdek\u00e9ben\" tabindex=\"-1\" aria-hidden=\"true\">\r\n                <img class=\"img-responsive img-center\" src=\"\/uploads\/feed_items\/small-illusztracios-kep-pexels-17855958492803.jpg\" alt=\"A Magyar Kereskedelmi \u00e9s Iparkamara az energiav\u00e1ls\u00e1gos id\u0151szakban javaslatokat fogalmaz me...\">\r\n            <\/a>\r\n        <\/div>\r\n        <div class=\"col-xs-7 info\">\r\n        <div class=\"title\" role=\"heading\" aria-level=\"4\"><a  href=\"https:\/\/mkik.hu\/hirek\/a-magyar-kereskedelmi-es-iparkamara-az-energiavalsagos-idoszakban-javaslatokat-fogalmaz-meg-a-vallalkozasok-szamara-a-gazdasag-mukodokepessegenek-megorzese-erdekeben\">A Magyar Kereskedelmi \u00e9s Iparkamara az energiav\u00e1ls\u00e1gos id\u0151szakban javaslatokat fogalmaz meg a v\u00e1llalkoz\u00e1sok sz\u00e1m\u00e1ra, a gazdas\u00e1g m\u0171k\u00f6d\u0151k\u00e9pess\u00e9g\u00e9nek meg\u0151rz\u00e9se \u00e9rdek\u00e9ben<\/a><\/div>\r\n                    <ul class=\"categories\">\r\n                                    <li><a style=\"background: #5db47c; color: #000000\" href=\"https:\/\/mkik.hu\/hirek\/magyar-kereskedelmi-es-iparkamara\" aria-label=\"Magyar Kereskedelmi \u00e9s Iparkamara kateg\u00f3ri\u00e1k megnyit\u00e1sa\">Magyar Kereskedelmi \u00e9s Iparkamara<\/a><\/li>\r\n                                    <li><a style=\"background: #823a95; color: #ffffff\" href=\"https:\/\/mkik.hu\/hirek\/sajtokozlemeny\" aria-label=\"Sajt\u00f3k\u00f6zlem\u00e9ny kateg\u00f3ri\u00e1k megnyit\u00e1sa\">Sajt\u00f3k\u00f6zlem\u00e9ny<\/a><\/li>\r\n                                <li><span class=\"public-at\">2026. augusztus 01.<\/span><\/li>\r\n            <\/ul>\r\n                <div class=\"desc\">A Kamara a korm\u00e1ny javaslataihoz \u00e9s nagyfogyaszt\u00f3k felaj\u00e1nl\u00e1saihoz csatlakozva, \u00f6sszes\u00edt\u0151 javaslatokat fogalmaz meg a v\u00e1llalkoz\u00e1sok sz\u00e1m\u00e1ra, hogy az esetleges \u00e1ramtermel\u00e9si kapacit\u00e1s-kies\u00e9sb\u0151l ered\u0151 ell\u00e1t\u00e1si kock\u00e1zatok kezel\u00e9se ar\u00e1nyosan t\u00f6rt\u00e9njen.<\/div>\r\n    <\/div>\r\n<\/div>        <\/div>\r\n            <div class=\"col-md-6 col-xs-12 inline-col feed-item\">\r\n            <div class=\"clearfix\">\r\n            <div class=\"img \">\r\n            <a  href=\"https:\/\/mkik.hu\/hirek\/fogyasztovedelmi-jogi-tanacsadast-inditott-a-kamara-a-vallalkozasoknak\" title=\"Fogyaszt\u00f3v\u00e9delmi jogi tan\u00e1csad\u00e1st ind\u00edtott a Kamara a v\u00e1llalkoz\u00e1soknak\" tabindex=\"-1\" aria-hidden=\"true\">\r\n                <img class=\"img-responsive img-center\" src=\"\/images\/no-feed-item.png\" alt=\"Fogyaszt\u00f3v\u00e9delmi jogi tan\u00e1csad\u00e1st ind\u00edtott a Kamara a v\u00e1llalkoz\u00e1soknak\">\r\n            <\/a>\r\n        <\/div>\r\n        <div class=\"col-xs-7 info\">\r\n        <div class=\"title\" role=\"heading\" aria-level=\"4\"><a  href=\"https:\/\/mkik.hu\/hirek\/fogyasztovedelmi-jogi-tanacsadast-inditott-a-kamara-a-vallalkozasoknak\">Fogyaszt\u00f3v\u00e9delmi jogi tan\u00e1csad\u00e1st ind\u00edtott a Kamara a v\u00e1llalkoz\u00e1soknak<\/a><\/div>\r\n                    <ul class=\"categories\">\r\n                                    <li><a style=\"background: #5db47c; color: #000000\" href=\"https:\/\/mkik.hu\/hirek\/magyar-kereskedelmi-es-iparkamara\" aria-label=\"Magyar Kereskedelmi \u00e9s Iparkamara kateg\u00f3ri\u00e1k megnyit\u00e1sa\">Magyar Kereskedelmi \u00e9s Iparkamara<\/a><\/li>\r\n                                    <li><a style=\"background: #823a95; color: #ffffff\" href=\"https:\/\/mkik.hu\/hirek\/sajtokozlemeny\" aria-label=\"Sajt\u00f3k\u00f6zlem\u00e9ny kateg\u00f3ri\u00e1k megnyit\u00e1sa\">Sajt\u00f3k\u00f6zlem\u00e9ny<\/a><\/li>\r\n                                <li><span class=\"public-at\">2026. j\u00falius 29.<\/span><\/li>\r\n            <\/ul>\r\n                <div class=\"desc\">A Kamara fogyaszt\u00f3v\u00e9delmi jogi tan\u00e1csad\u00e1ssal seg\u00edt a kis- \u00e9s k\u00f6z\u00e9pv\u00e1llalkoz\u00e1soknak megel\u0151zni a k\u00f6lts\u00e9ges jogs\u00e9rt\u00e9seket \u00e9s ez hozz\u00e1j\u00e1rul ahhoz, hogy a c\u00e9gek hat\u00e9konyan feleljenek meg a gyorsan v\u00e1ltoz\u00f3 fogyaszt\u00f3v\u00e9delmi el\u0151\u00edr\u00e1soknak.<\/div>\r\n    <\/div>\r\n<\/div>        <\/div>\r\n            <div class=\"col-md-6 col-xs-12 inline-col feed-item\">\r\n            <div class=\"clearfix\">\r\n            <div class=\"img \">\r\n            <a  href=\"https:\/\/mkik.hu\/hirek\/az-iskolapadtol-az-elso-munkahelyig-tehetseggondozo-programot-indit-a-magyar-kereskedelmi-es-iparkamara\" title=\"\u201eAz iskolapadt\u00f3l az els\u0151 munkahelyig&quot;: tehets\u00e9ggondoz\u00f3 programot ind\u00edt a Magyar Kereskedelmi \u00e9s Iparkamara\" tabindex=\"-1\" aria-hidden=\"true\">\r\n                <img class=\"img-responsive img-center\" src=\"\/uploads\/feed_items\/small-illusztracios-kep-pexels-17852230418886.jpg\" alt=\"\u201eAz iskolapadt\u00f3l az els\u0151 munkahelyig&quot;: tehets\u00e9ggondoz\u00f3 programot ind\u00edt a Magyar Kereskedel...\">\r\n            <\/a>\r\n        <\/div>\r\n        <div class=\"col-xs-7 info\">\r\n        <div class=\"title\" role=\"heading\" aria-level=\"4\"><a  href=\"https:\/\/mkik.hu\/hirek\/az-iskolapadtol-az-elso-munkahelyig-tehetseggondozo-programot-indit-a-magyar-kereskedelmi-es-iparkamara\">\u201eAz iskolapadt\u00f3l az els\u0151 munkahelyig&quot;: tehets\u00e9ggondoz\u00f3 programot ind\u00edt a Magyar Kereskedelmi \u00e9s Iparkamara<\/a><\/div>\r\n                    <ul class=\"categories\">\r\n                                    <li><a style=\"background: #5db47c; color: #000000\" href=\"https:\/\/mkik.hu\/hirek\/magyar-kereskedelmi-es-iparkamara\" aria-label=\"Magyar Kereskedelmi \u00e9s Iparkamara kateg\u00f3ri\u00e1k megnyit\u00e1sa\">Magyar Kereskedelmi \u00e9s Iparkamara<\/a><\/li>\r\n                                    <li><a style=\"background: #823a95; color: #ffffff\" href=\"https:\/\/mkik.hu\/hirek\/sajtokozlemeny\" aria-label=\"Sajt\u00f3k\u00f6zlem\u00e9ny kateg\u00f3ri\u00e1k megnyit\u00e1sa\">Sajt\u00f3k\u00f6zlem\u00e9ny<\/a><\/li>\r\n                                <li><span class=\"public-at\">2026. j\u00falius 28.<\/span><\/li>\r\n            <\/ul>\r\n                <div class=\"desc\">A Kamara \u00faj t\u00e1rsadalmi felel\u0151ss\u00e9gv\u00e1llal\u00e1si programja, \u201eAz iskolapadt\u00f3l az els\u0151 munkahelyig&quot; tehets\u00e9ges, de h\u00e1tr\u00e1nyos helyzet\u0171 fiatalokat k\u00eds\u00e9r v\u00e9gig p\u00e1ly\u00e1juk leg\u00e9rz\u00e9kenyebb szakasz\u00e1n.<\/div>\r\n    <\/div>\r\n<\/div>        <\/div>\r\n            <div class=\"col-md-6 col-xs-12 inline-col feed-item\">\r\n            <div class=\"clearfix\">\r\n            <div class=\"img \">\r\n            <a  href=\"https:\/\/mkik.hu\/hirek\/megalakult-az-mkik-szubszaharai-afrika-bizottsaga\" title=\"Megalakult az MKIK Szubszaharai Afrika Bizotts\u00e1ga\" tabindex=\"-1\" aria-hidden=\"true\">\r\n                <img class=\"img-responsive img-center\" src=\"\/images\/no-feed-item.png\" alt=\"Megalakult az MKIK Szubszaharai Afrika Bizotts\u00e1ga\">\r\n            <\/a>\r\n        <\/div>\r\n        <div class=\"col-xs-7 info\">\r\n        <div class=\"title\" role=\"heading\" aria-level=\"4\"><a  href=\"https:\/\/mkik.hu\/hirek\/megalakult-az-mkik-szubszaharai-afrika-bizottsaga\">Megalakult az MKIK Szubszaharai Afrika Bizotts\u00e1ga<\/a><\/div>\r\n                    <ul class=\"categories\">\r\n                                    <li><a style=\"background: #13653e; color: #ffffff\" href=\"https:\/\/mkik.hu\/hirek\/kulgazdasag\" aria-label=\"K\u00fclgazdas\u00e1g kateg\u00f3ri\u00e1k megnyit\u00e1sa\">K\u00fclgazdas\u00e1g<\/a><\/li>\r\n                                <li><span class=\"public-at\">2026. j\u00falius 27.<\/span><\/li>\r\n            <\/ul>\r\n                <div class=\"desc\">Megalakult az MKIK Szubszaharai Afrika Region\u00e1lis Bizotts\u00e1ga Dr. Kov\u00e1cs K\u00e1roly PhD vezet\u00e9s\u00e9vel. A test\u00fclet elfogadta 2026-os munkaterv\u00e9t, t\u00e1mogatva a magyar v\u00e1llalkoz\u00e1sok afrikai piaci jelenl\u00e9t\u00e9t \u00e9s \u00fczleti kapcsolatait.<\/div>\r\n    <\/div>\r\n<\/div>        <\/div>\r\n            <div class=\"col-md-6 col-xs-12 inline-col feed-item\">\r\n            <div class=\"clearfix\">\r\n            <div class=\"img \">\r\n            <a  href=\"https:\/\/mkik.hu\/hirek\/a-magyar-kkv-k-munkahelyi-alagsora\" title=\"A magyar kkv-k munkahelyi alagsora\" tabindex=\"-1\" aria-hidden=\"true\">\r\n                <img class=\"img-responsive img-center\" src=\"\/images\/no-feed-item.png\" alt=\"A magyar kkv-k munkahelyi alagsora\">\r\n            <\/a>\r\n        <\/div>\r\n        <div class=\"col-xs-7 info\">\r\n        <div class=\"title\" role=\"heading\" aria-level=\"4\"><a  href=\"https:\/\/mkik.hu\/hirek\/a-magyar-kkv-k-munkahelyi-alagsora\">A magyar kkv-k munkahelyi alagsora<\/a><\/div>\r\n                    <ul class=\"categories\">\r\n                                    <li><a style=\"background: #5db47c; color: #000000\" href=\"https:\/\/mkik.hu\/hirek\/magyar-kereskedelmi-es-iparkamara\" aria-label=\"Magyar Kereskedelmi \u00e9s Iparkamara kateg\u00f3ri\u00e1k megnyit\u00e1sa\">Magyar Kereskedelmi \u00e9s Iparkamara<\/a><\/li>\r\n                                <li><span class=\"public-at\">2026. j\u00falius 24.<\/span><\/li>\r\n            <\/ul>\r\n                <div class=\"desc\">Mi\u00e9rt folyik lefel\u00e9 a nyom\u00e1s a c\u00e9gben, \u00e9s mi\u00e9rt akad meg a visszajelz\u00e9s? Ment\u00e1lhigi\u00e9n\u00e9s \u00e9s addiktol\u00f3giai szak\u00e9rt\u0151k t\u00e1rj\u00e1k fel a magyar kkv-k stresszl\u00e1nc\u00e1t, a fluktu\u00e1ci\u00f3 val\u00f3di okait \u00e9s a \u201el\u00e1tv\u00e1nyos csend\u201d rombol\u00f3 hat\u00e1sait.<\/div>\r\n    <\/div>\r\n<\/div>        <\/div>\r\n            <div class=\"col-md-6 col-xs-12 inline-col feed-item\">\r\n            <div class=\"clearfix\">\r\n            <div class=\"img \">\r\n            <a  href=\"https:\/\/mkik.hu\/hirek\/megalakult-az-mkik-kozep-europa-regionalis-bizottsaga\" title=\"Megalakult az MKIK K\u00f6z\u00e9p-Eur\u00f3pa Region\u00e1lis Bizotts\u00e1ga\" tabindex=\"-1\" aria-hidden=\"true\">\r\n                <img class=\"img-responsive img-center\" src=\"\/uploads\/feed_items\/small-1784558802541-17847043672573.jpg\" alt=\"Megalakult az MKIK K\u00f6z\u00e9p-Eur\u00f3pa Region\u00e1lis Bizotts\u00e1ga\">\r\n            <\/a>\r\n        <\/div>\r\n        <div class=\"col-xs-7 info\">\r\n        <div class=\"title\" role=\"heading\" aria-level=\"4\"><a  href=\"https:\/\/mkik.hu\/hirek\/megalakult-az-mkik-kozep-europa-regionalis-bizottsaga\">Megalakult az MKIK K\u00f6z\u00e9p-Eur\u00f3pa Region\u00e1lis Bizotts\u00e1ga<\/a><\/div>\r\n                    <ul class=\"categories\">\r\n                                    <li><a style=\"background: #a1a1a1; color: #000000\" href=\"https:\/\/mkik.hu\/hirek\/kuelpiaci-tevekenyseg\" aria-label=\"K\u00fclpiaci tev\u00e9kenys\u00e9g kateg\u00f3ri\u00e1k megnyit\u00e1sa\">K\u00fclpiaci tev\u00e9kenys\u00e9g<\/a><\/li>\r\n                                    <li><a style=\"background: #13653e; color: #ffffff\" href=\"https:\/\/mkik.hu\/hirek\/kulgazdasag\" aria-label=\"K\u00fclgazdas\u00e1g kateg\u00f3ri\u00e1k megnyit\u00e1sa\">K\u00fclgazdas\u00e1g<\/a><\/li>\r\n                                <li><span class=\"public-at\">2026. j\u00falius 22.<\/span><\/li>\r\n            <\/ul>\r\n                <div class=\"desc\">Megalakult a Magyar Kereskedelmi \u00e9s Iparkamara K\u00f6z\u00e9p-Eur\u00f3pa Region\u00e1lis Bizotts\u00e1ga Mikola Gergely vezet\u00e9s\u00e9vel. A szak\u00e9rt\u0151i csapat c\u00e9lja, hogy k\u00e9zzelfoghat\u00f3 \u00fczleti lehet\u0151s\u00e9geket \u00e9s piaci terjeszked\u00e9st biztos\u00edtson a magyar c\u00e9geknek a r\u00e9gi\u00f3ban.<\/div>\r\n    <\/div>\r\n<\/div>        <\/div>\r\n    <\/div>\r\n\r\n<ul class=\"pagination text-center\">\r\n                    <li class=\"left\"><a aria-label=\"El\u0151z\u0151\" href=\"https:\/\/mkik.hu\/api\/feeds\/page?page=1\" rel=\"nofollow\"><i aria-hidden=\"true\" class=\"icon icon-arrow-flat-left\"><\/i><\/a><\/li>\r\n        \r\n                    \r\n                                                                        <li><a href=\"https:\/\/mkik.hu\/api\/feeds\/page?page=1\" rel=\"nofollow\" aria-label=\"1. oldal bet\u00f6lt\u00e9se\">01<\/a><\/li>\r\n                                                                                <li class=\"active\"><span>02<\/span><\/li>\r\n                                                                                <li><a href=\"https:\/\/mkik.hu\/api\/feeds\/page?page=3\" rel=\"nofollow\" aria-label=\"3. oldal bet\u00f6lt\u00e9se\">03<\/a><\/li>\r\n                                                                                <li><a href=\"https:\/\/mkik.hu\/api\/feeds\/page?page=4\" rel=\"nofollow\" aria-label=\"4. oldal bet\u00f6lt\u00e9se\">04<\/a><\/li>\r\n                                                                                <li><a href=\"https:\/\/mkik.hu\/api\/feeds\/page?page=5\" rel=\"nofollow\" aria-label=\"5. oldal bet\u00f6lt\u00e9se\">05<\/a><\/li>\r\n                                                                                <li><a href=\"https:\/\/mkik.hu\/api\/feeds\/page?page=6\" rel=\"nofollow\" aria-label=\"6. oldal bet\u00f6lt\u00e9se\">06<\/a><\/li>\r\n                                                                                <li><a href=\"https:\/\/mkik.hu\/api\/feeds\/page?page=7\" rel=\"nofollow\" aria-label=\"7. oldal bet\u00f6lt\u00e9se\">07<\/a><\/li>\r\n                                                                                <li><a href=\"https:\/\/mkik.hu\/api\/feeds\/page?page=8\" rel=\"nofollow\" aria-label=\"8. oldal bet\u00f6lt\u00e9se\">08<\/a><\/li>\r\n                                                                                    <li class=\"disabled\"><span>...<\/span><\/li>\r\n            \r\n                                \r\n                                                                        <li><a href=\"https:\/\/mkik.hu\/api\/feeds\/page?page=111\" rel=\"nofollow\" aria-label=\"111. oldal bet\u00f6lt\u00e9se\">111<\/a><\/li>\r\n                                                                                <li><a href=\"https:\/\/mkik.hu\/api\/feeds\/page?page=112\" rel=\"nofollow\" aria-label=\"112. oldal bet\u00f6lt\u00e9se\">112<\/a><\/li>\r\n                                                        \r\n                    <li class=\"right\"><a aria-label=\"K\u00f6vetkez\u0151\" href=\"https:\/\/mkik.hu\/api\/feeds\/page?page=3\" rel=\"nofollow\"><i aria-hidden=\"true\" class=\"icon icon-arrow-flat-right\"><\/i><\/a><\/li>\r\n            <\/ul>\r\n\r\n","page":"2"}