{"content":"<div class=\"row inline-row\">\r\n                <div class=\"col-md-6 col-xs-12 inline-col feed-item\">\r\n            <div class=\"clearfix\">\r\n            <div class=\"img \">\r\n            <a  href=\"https:\/\/mkik.hu\/hirek\/a-nemet-gazdasag-helyzete-es-fejlodesi-kilatasai-20252026-fordulojan\" title=\"A n\u00e9met gazdas\u00e1g helyzete \u00e9s fejl\u0151d\u00e9si kil\u00e1t\u00e1sai 2025\/2026 fordul\u00f3j\u00e1n\" tabindex=\"-1\" aria-hidden=\"true\">\r\n                <img class=\"img-responsive img-center\" src=\"\/images\/no-feed-item.png\" alt=\"A n\u00e9met gazdas\u00e1g helyzete \u00e9s fejl\u0151d\u00e9si kil\u00e1t\u00e1sai 2025\/2026 fordul\u00f3j\u00e1n\">\r\n            <\/a>\r\n        <\/div>\r\n        <div class=\"col-xs-7 info\">\r\n        <div class=\"title\" role=\"heading\" aria-level=\"4\"><a  href=\"https:\/\/mkik.hu\/hirek\/a-nemet-gazdasag-helyzete-es-fejlodesi-kilatasai-20252026-fordulojan\">A n\u00e9met gazdas\u00e1g helyzete \u00e9s fejl\u0151d\u00e9si kil\u00e1t\u00e1sai 2025\/2026 fordul\u00f3j\u00e1n<\/a><\/div>\r\n                    <ul class=\"categories\">\r\n                                    <li><a style=\"background: rgba(217,150,22,0.87); color: #000000\" href=\"https:\/\/mkik.hu\/hirek\/magyar-es-nemzetkoezi-gazdasag\" aria-label=\"Magyar \u00e9s nemzetk\u00f6zi gazdas\u00e1g kateg\u00f3ri\u00e1k megnyit\u00e1sa\">Magyar \u00e9s nemzetk\u00f6zi gazdas\u00e1g<\/a><\/li>\r\n                                    <li><a style=\"background: #a1a1a1; color: #000000\" href=\"https:\/\/mkik.hu\/hirek\/kuelpiaci-tevekenyseg\" aria-label=\"K\u00fclpiaci tev\u00e9kenys\u00e9g kateg\u00f3ri\u00e1k megnyit\u00e1sa\">K\u00fclpiaci tev\u00e9kenys\u00e9g<\/a><\/li>\r\n                                    <li><a style=\"background: #8dc63f; color: #000000\" href=\"https:\/\/mkik.hu\/hirek\/kuelgazdasagi-informaciok-uezleti-lehetosegek\" aria-label=\"K\u00fclgazdas\u00e1gi inform\u00e1ci\u00f3k, \u00fczleti lehet\u0151s\u00e9gek kateg\u00f3ri\u00e1k megnyit\u00e1sa\">K\u00fclgazdas\u00e1gi inform\u00e1ci\u00f3k, \u00fczleti lehet\u0151s\u00e9gek<\/a><\/li>\r\n                                    <li><a style=\"background: #a1a1a1; color: #000000\" href=\"https:\/\/mkik.hu\/hirek\/magyar-nemet-tagozat\" aria-label=\"Magyar-N\u00e9met Tagozat kateg\u00f3ri\u00e1k megnyit\u00e1sa\">Magyar-N\u00e9met Tagozat<\/a><\/li>\r\n                                    <li><a style=\"background: #13653e; color: #ffffff\" href=\"https:\/\/mkik.hu\/hirek\/kulgazdasag\" aria-label=\"K\u00fclgazdas\u00e1g kateg\u00f3ri\u00e1k megnyit\u00e1sa\">K\u00fclgazdas\u00e1g<\/a><\/li>\r\n                                <li><span class=\"public-at\">2026. janu\u00e1r 08.<\/span><\/li>\r\n            <\/ul>\r\n                <div class=\"desc\">Friedrich Merz (CDU) sz\u00f6vets\u00e9gi kancell\u00e1r a bajor testv\u00e9rp\u00e1rt decemberi kongresszus\u00e1n elmondott besz\u00e9d\u00e9ben \u00fajfent kifejtette, hogy alapjaiban akarja moderniz\u00e1lni N\u00e9metorsz\u00e1got \u00e9s azt az SPD-vel egy\u00fcttm\u0171k\u00f6dve k\u00edv\u00e1nja megval\u00f3s\u00edtani.<\/div>\r\n    <\/div>\r\n<\/div>        <\/div>\r\n            <div class=\"col-md-6 col-xs-12 inline-col feed-item\">\r\n            <div class=\"clearfix\">\r\n            <div class=\"img \">\r\n            <a  href=\"https:\/\/mkik.hu\/hirek\/a-demjan-sandor-tokeprogram-iranti-kiemelkedo-erdeklodes-miatt-januar-16-tol-atmenetileg-szunetel-az-uj-jelentkezesek-befogadasa\" title=\"A Demj\u00e1n S\u00e1ndor T\u0151keprogram ir\u00e1nti kiemelked\u0151 \u00e9rdekl\u0151d\u00e9s miatt janu\u00e1r 16-t\u00f3l \u00e1tmenetileg sz\u00fcnetel az \u00faj jelentkez\u00e9sek befogad\u00e1sa\" tabindex=\"-1\" aria-hidden=\"true\">\r\n                <img class=\"img-responsive img-center\" src=\"\/uploads\/feed_items\/small-dstp-illusztracios-kep-pexels-17676879393141.jpg\" alt=\"A Demj\u00e1n S\u00e1ndor T\u0151keprogram ir\u00e1nti kiemelked\u0151 \u00e9rdekl\u0151d\u00e9s miatt janu\u00e1r 16-t\u00f3l \u00e1tmenetileg s...\">\r\n            <\/a>\r\n        <\/div>\r\n        <div class=\"col-xs-7 info\">\r\n        <div class=\"title\" role=\"heading\" aria-level=\"4\"><a  href=\"https:\/\/mkik.hu\/hirek\/a-demjan-sandor-tokeprogram-iranti-kiemelkedo-erdeklodes-miatt-januar-16-tol-atmenetileg-szunetel-az-uj-jelentkezesek-befogadasa\">A Demj\u00e1n S\u00e1ndor T\u0151keprogram ir\u00e1nti kiemelked\u0151 \u00e9rdekl\u0151d\u00e9s miatt janu\u00e1r 16-t\u00f3l \u00e1tmenetileg sz\u00fcnetel az \u00faj jelentkez\u00e9sek befogad\u00e1sa<\/a><\/div>\r\n                    <ul class=\"categories\">\r\n                                    <li><a style=\"background: #5db47c; color: #000000\" href=\"https:\/\/mkik.hu\/hirek\/magyar-kereskedelmi-es-iparkamara\" aria-label=\"Magyar Kereskedelmi \u00e9s Iparkamara kateg\u00f3ri\u00e1k megnyit\u00e1sa\">Magyar Kereskedelmi \u00e9s Iparkamara<\/a><\/li>\r\n                                    <li><a style=\"background: #823a95; color: #ffffff\" href=\"https:\/\/mkik.hu\/hirek\/sajtokozlemeny\" aria-label=\"Sajt\u00f3k\u00f6zlem\u00e9ny kateg\u00f3ri\u00e1k megnyit\u00e1sa\">Sajt\u00f3k\u00f6zlem\u00e9ny<\/a><\/li>\r\n                                <li><span class=\"public-at\">2026. janu\u00e1r 06.<\/span><\/li>\r\n            <\/ul>\r\n                <div class=\"desc\">A forr\u00e1sok felel\u0151s \u00e9s kisz\u00e1m\u00edthat\u00f3 felhaszn\u00e1l\u00e1sa, valamint a be\u00e9rkezett p\u00e1ly\u00e1zatok alapos, szakmailag megalapozott \u00e9rt\u00e9kel\u00e9se \u00e9rdek\u00e9ben 2026. janu\u00e1r 16-t\u00f3l a Demj\u00e1n S\u00e1ndor T\u0151keprogram (DSTP) \u00e1tmenetileg felf\u00fcggeszti az \u00faj jelentkez\u00e9sek befogad\u00e1s\u00e1t.<\/div>\r\n    <\/div>\r\n<\/div>        <\/div>\r\n            <div class=\"col-md-6 col-xs-12 inline-col feed-item\">\r\n            <div class=\"clearfix\">\r\n            <div class=\"img \">\r\n            <a  href=\"https:\/\/mkik.hu\/hirek\/het-orszagjaras-103-allomasan-5700-erdeklodot-ert-el-a-kamara\" title=\"H\u00e9t orsz\u00e1gj\u00e1r\u00e1s 103 \u00e1llom\u00e1s\u00e1n 5700 \u00e9rdekl\u0151d\u0151t \u00e9rt el a Kamara\" tabindex=\"-1\" aria-hidden=\"true\">\r\n                <img class=\"img-responsive img-center\" src=\"\/uploads\/feed_items\/small-mkik-orszagjarasok-kep-1766397225369.jpg\" alt=\"H\u00e9t orsz\u00e1gj\u00e1r\u00e1s 103 \u00e1llom\u00e1s\u00e1n 5700 \u00e9rdekl\u0151d\u0151t \u00e9rt el a Kamara\">\r\n            <\/a>\r\n        <\/div>\r\n        <div class=\"col-xs-7 info\">\r\n        <div class=\"title\" role=\"heading\" aria-level=\"4\"><a  href=\"https:\/\/mkik.hu\/hirek\/het-orszagjaras-103-allomasan-5700-erdeklodot-ert-el-a-kamara\">H\u00e9t orsz\u00e1gj\u00e1r\u00e1s 103 \u00e1llom\u00e1s\u00e1n 5700 \u00e9rdekl\u0151d\u0151t \u00e9rt el a Kamara<\/a><\/div>\r\n                    <ul class=\"categories\">\r\n                                    <li><a style=\"background: #5db47c; color: #000000\" href=\"https:\/\/mkik.hu\/hirek\/magyar-kereskedelmi-es-iparkamara\" aria-label=\"Magyar Kereskedelmi \u00e9s Iparkamara kateg\u00f3ri\u00e1k megnyit\u00e1sa\">Magyar Kereskedelmi \u00e9s Iparkamara<\/a><\/li>\r\n                                    <li><a style=\"background: #823a95; color: #ffffff\" href=\"https:\/\/mkik.hu\/hirek\/sajtokozlemeny\" aria-label=\"Sajt\u00f3k\u00f6zlem\u00e9ny kateg\u00f3ri\u00e1k megnyit\u00e1sa\">Sajt\u00f3k\u00f6zlem\u00e9ny<\/a><\/li>\r\n                                    <li><a style=\"background: #c6a93f; color: #ffffff\" href=\"https:\/\/mkik.hu\/hirek\/rendezveny\" aria-label=\"Rendezv\u00e9ny kateg\u00f3ri\u00e1k megnyit\u00e1sa\">Rendezv\u00e9ny<\/a><\/li>\r\n                                <li><span class=\"public-at\">2025. december 22.<\/span><\/li>\r\n            <\/ul>\r\n                <div class=\"desc\">A v\u00e1llalkoz\u00f3k ker\u00fcltek a k\u00f6z\u00e9ppontba a Magyar Kereskedelmi \u00e9s Iparkamara 2025 \u0151sz\u00e9n megrendezett h\u00e9t orsz\u00e1gj\u00e1r\u00e1s\u00e1n, amelyek minden v\u00e1rmegy\u00e9be eljutottak \u00e9s \u00f6sszesen 3200 v\u00e1llalkoz\u00f3t \u00e9s 2500 rem\u00e9nybeli, leend\u0151 v\u00e1llalkoz\u00f3t \u00e9rtek el.<\/div>\r\n    <\/div>\r\n<\/div>        <\/div>\r\n            <div class=\"col-md-6 col-xs-12 inline-col feed-item\">\r\n            <div class=\"clearfix\">\r\n            <div class=\"img \">\r\n            <a  href=\"https:\/\/mkik.hu\/hirek\/az-mkik-elinditja-a-villamos-biztonsagi-felulvizsgalok-orszagos-nyilvantartasat\" title=\"Az MKIK elind\u00edtja a villamos biztons\u00e1gi fel\u00fclvizsg\u00e1l\u00f3k orsz\u00e1gos nyilv\u00e1ntart\u00e1s\u00e1t\" tabindex=\"-1\" aria-hidden=\"true\">\r\n                <img class=\"img-responsive img-center\" src=\"\/images\/no-feed-item.png\" alt=\"Az MKIK elind\u00edtja a villamos biztons\u00e1gi fel\u00fclvizsg\u00e1l\u00f3k orsz\u00e1gos nyilv\u00e1ntart\u00e1s\u00e1t\">\r\n            <\/a>\r\n        <\/div>\r\n        <div class=\"col-xs-7 info\">\r\n        <div class=\"title\" role=\"heading\" aria-level=\"4\"><a  href=\"https:\/\/mkik.hu\/hirek\/az-mkik-elinditja-a-villamos-biztonsagi-felulvizsgalok-orszagos-nyilvantartasat\">Az MKIK elind\u00edtja a villamos biztons\u00e1gi fel\u00fclvizsg\u00e1l\u00f3k orsz\u00e1gos nyilv\u00e1ntart\u00e1s\u00e1t<\/a><\/div>\r\n                    <ul class=\"categories\">\r\n                                    <li><a style=\"background: #5db47c; color: #000000\" href=\"https:\/\/mkik.hu\/hirek\/magyar-kereskedelmi-es-iparkamara\" aria-label=\"Magyar Kereskedelmi \u00e9s Iparkamara kateg\u00f3ri\u00e1k megnyit\u00e1sa\">Magyar Kereskedelmi \u00e9s Iparkamara<\/a><\/li>\r\n                                    <li><a style=\"background: #823a95; color: #ffffff\" href=\"https:\/\/mkik.hu\/hirek\/sajtokozlemeny\" aria-label=\"Sajt\u00f3k\u00f6zlem\u00e9ny kateg\u00f3ri\u00e1k megnyit\u00e1sa\">Sajt\u00f3k\u00f6zlem\u00e9ny<\/a><\/li>\r\n                                <li><span class=\"public-at\">2025. december 18.<\/span><\/li>\r\n            <\/ul>\r\n                <div class=\"desc\">A Kamara orsz\u00e1gosan egys\u00e9ges, \u00e1tl\u00e1that\u00f3 \u00e9s ellen\u0151rizhet\u0151 rendszert hoz l\u00e9tre  villamos biztons\u00e1gi fel\u00fclvizsg\u00e1latot v\u00e9gz\u0151 v\u00e1llalkoz\u00e1sok \u00e9s szakembereik nyilv\u00e1ntart\u00e1sba v\u00e9tel\u00e9r\u0151l, valamint a tev\u00e9kenys\u00e9g szolg\u00e1ltat\u00e1sfel\u00fcgyelet\u00e9r\u0151l.<\/div>\r\n    <\/div>\r\n<\/div>        <\/div>\r\n            <div class=\"col-md-6 col-xs-12 inline-col feed-item\">\r\n            <div class=\"clearfix\">\r\n            <div class=\"img \">\r\n            <a  href=\"https:\/\/mkik.hu\/hirek\/a-gyermekek-fejlodeseert-fogtak-ossze-varmegyenk-noi-vezetoi-csmkik\" title=\"A gyermekek fejl\u0151d\u00e9s\u00e9\u00e9rt fogtak \u00f6ssze v\u00e1rmegy\u00e9nk n\u0151i vezet\u0151i \u2013 CSMKIK\" tabindex=\"-1\" aria-hidden=\"true\">\r\n                <img class=\"img-responsive img-center\" src=\"\/images\/no-feed-item.png\" alt=\"A gyermekek fejl\u0151d\u00e9s\u00e9\u00e9rt fogtak \u00f6ssze v\u00e1rmegy\u00e9nk n\u0151i vezet\u0151i \u2013 CSMKIK\">\r\n            <\/a>\r\n        <\/div>\r\n        <div class=\"col-xs-7 info\">\r\n        <div class=\"title\" role=\"heading\" aria-level=\"4\"><a  href=\"https:\/\/mkik.hu\/hirek\/a-gyermekek-fejlodeseert-fogtak-ossze-varmegyenk-noi-vezetoi-csmkik\">A gyermekek fejl\u0151d\u00e9s\u00e9\u00e9rt fogtak \u00f6ssze v\u00e1rmegy\u00e9nk n\u0151i vezet\u0151i \u2013 CSMKIK<\/a><\/div>\r\n                    <ul class=\"categories\">\r\n                                    <li><a style=\"background: #8dc63f; color: #000000\" href=\"https:\/\/mkik.hu\/hirek\/terueleti-kamarai-hirek\" aria-label=\"Ter\u00fcleti kamarai h\u00edrek kateg\u00f3ri\u00e1k megnyit\u00e1sa\">Ter\u00fcleti kamarai h\u00edrek<\/a><\/li>\r\n                                    <li><a style=\"background: #823a95; color: #ffffff\" href=\"https:\/\/mkik.hu\/hirek\/sajtokozlemeny\" aria-label=\"Sajt\u00f3k\u00f6zlem\u00e9ny kateg\u00f3ri\u00e1k megnyit\u00e1sa\">Sajt\u00f3k\u00f6zlem\u00e9ny<\/a><\/li>\r\n                                <li><span class=\"public-at\">2025. december 17.<\/span><\/li>\r\n            <\/ul>\r\n                <div class=\"desc\">T\u00edz \u00e9ve minden esztend\u0151t adom\u00e1nygy\u0171jt\u00e9ssel z\u00e1r a Csongr\u00e1d-Csan\u00e1di Kereskedelmi \u00e9s Iparkamara N\u0151i Vezet\u0151i Klubja, minden alkalommal olyan szervezet jav\u00e1ra zajlik a j\u00f3t\u00e9konys\u00e1gi akci\u00f3.<\/div>\r\n    <\/div>\r\n<\/div>        <\/div>\r\n            <div class=\"col-md-6 col-xs-12 inline-col feed-item\">\r\n            <div class=\"clearfix\">\r\n            <div class=\"img \">\r\n            <a  href=\"https:\/\/mkik.hu\/hirek\/januartol-a-kkv-k-is-fordulhatnak-a-bekelteto-testuletekhez\" title=\"Janu\u00e1rt\u00f3l a kkv-k is fordulhatnak a b\u00e9k\u00e9ltet\u0151 test\u00fcletekhez\" tabindex=\"-1\" aria-hidden=\"true\">\r\n                <img class=\"img-responsive img-center\" src=\"\/images\/no-feed-item.png\" alt=\"Janu\u00e1rt\u00f3l a kkv-k is fordulhatnak a b\u00e9k\u00e9ltet\u0151 test\u00fcletekhez\">\r\n            <\/a>\r\n        <\/div>\r\n        <div class=\"col-xs-7 info\">\r\n        <div class=\"title\" role=\"heading\" aria-level=\"4\"><a  href=\"https:\/\/mkik.hu\/hirek\/januartol-a-kkv-k-is-fordulhatnak-a-bekelteto-testuletekhez\">Janu\u00e1rt\u00f3l a kkv-k is fordulhatnak a b\u00e9k\u00e9ltet\u0151 test\u00fcletekhez<\/a><\/div>\r\n                    <ul class=\"categories\">\r\n                                    <li><a style=\"background: #5db47c; color: #000000\" href=\"https:\/\/mkik.hu\/hirek\/magyar-kereskedelmi-es-iparkamara\" aria-label=\"Magyar Kereskedelmi \u00e9s Iparkamara kateg\u00f3ri\u00e1k megnyit\u00e1sa\">Magyar Kereskedelmi \u00e9s Iparkamara<\/a><\/li>\r\n                                    <li><a style=\"background: #8dc63f; color: #000000\" href=\"https:\/\/mkik.hu\/hirek\/fogyasztovedelem\" aria-label=\"Fogyaszt\u00f3v\u00e9delem kateg\u00f3ri\u00e1k megnyit\u00e1sa\">Fogyaszt\u00f3v\u00e9delem<\/a><\/li>\r\n                                <li><span class=\"public-at\">2025. december 17.<\/span><\/li>\r\n            <\/ul>\r\n                <div class=\"desc\">A fogyaszt\u00f3v\u00e9delmi t\u00f6rv\u00e9ny m\u00f3dos\u00edt\u00e1sa alapj\u00e1n a mikro-, kis- \u00e9s k\u00f6z\u00e9pv\u00e1llalkoz\u00e1sok v\u00e9gs\u0151 felhaszn\u00e1l\u00f3k\u00e9nt egy term\u00e9kv\u00e1s\u00e1rl\u00e1s, vagy szolg\u00e1ltat\u00e1s ig\u00e9nybev\u00e9tele est\u00e9n kv\u00e1zi fogyaszt\u00f3i min\u0151s\u00e9gben fordulhatnak 2026. janu\u00e1r 1-j\u00e9t\u0151l a b\u00e9k\u00e9ltet\u0151 test\u00fcletekhez.<\/div>\r\n    <\/div>\r\n<\/div>        <\/div>\r\n            <div class=\"col-md-6 col-xs-12 inline-col feed-item\">\r\n            <div class=\"clearfix\">\r\n            <div class=\"img \">\r\n            <a  href=\"https:\/\/mkik.hu\/hirek\/a-megvaltozott-munkakepessegu-emberek-foglalkoztatasi-ugyenek-elere-all-a-bkik\" title=\"A megv\u00e1ltozott munkak\u00e9pess\u00e9g\u0171 emberek foglalkoztat\u00e1si \u00fcgy\u00e9nek \u00e9l\u00e9re \u00e1ll a BKIK\" tabindex=\"-1\" aria-hidden=\"true\">\r\n                <img class=\"img-responsive img-center\" src=\"\/images\/no-feed-item.png\" alt=\"A megv\u00e1ltozott munkak\u00e9pess\u00e9g\u0171 emberek foglalkoztat\u00e1si \u00fcgy\u00e9nek \u00e9l\u00e9re \u00e1ll a BKIK\">\r\n            <\/a>\r\n        <\/div>\r\n        <div class=\"col-xs-7 info\">\r\n        <div class=\"title\" role=\"heading\" aria-level=\"4\"><a  href=\"https:\/\/mkik.hu\/hirek\/a-megvaltozott-munkakepessegu-emberek-foglalkoztatasi-ugyenek-elere-all-a-bkik\">A megv\u00e1ltozott munkak\u00e9pess\u00e9g\u0171 emberek foglalkoztat\u00e1si \u00fcgy\u00e9nek \u00e9l\u00e9re \u00e1ll a BKIK<\/a><\/div>\r\n                    <ul class=\"categories\">\r\n                                    <li><a style=\"background: #8dc63f; color: #000000\" href=\"https:\/\/mkik.hu\/hirek\/terueleti-kamarai-hirek\" aria-label=\"Ter\u00fcleti kamarai h\u00edrek kateg\u00f3ri\u00e1k megnyit\u00e1sa\">Ter\u00fcleti kamarai h\u00edrek<\/a><\/li>\r\n                                    <li><a style=\"background: #823a95; color: #ffffff\" href=\"https:\/\/mkik.hu\/hirek\/sajtokozlemeny\" aria-label=\"Sajt\u00f3k\u00f6zlem\u00e9ny kateg\u00f3ri\u00e1k megnyit\u00e1sa\">Sajt\u00f3k\u00f6zlem\u00e9ny<\/a><\/li>\r\n                                <li><span class=\"public-at\">2025. december 11.<\/span><\/li>\r\n            <\/ul>\r\n                <div class=\"desc\">Nagy \u00e9rdekl\u0151d\u00e9s mellett zajlott a BKIK \u201eHa munka van, minden van \u2013 mi\u00e9rt fontos a befogad\u00f3 munkahely?\u201d c\u00edm\u0171 Piact\u00e9r rehabilit\u00e1ci\u00f3s konferenci\u00e1ja<\/div>\r\n    <\/div>\r\n<\/div>        <\/div>\r\n            <div class=\"col-md-6 col-xs-12 inline-col feed-item\">\r\n            <div class=\"clearfix\">\r\n            <div class=\"img \">\r\n            <a  href=\"https:\/\/mkik.hu\/hirek\/magyarszaudi-uzleti-forum-morahalmon-indulnak-a-kozos-fejlesztesek\" title=\"Magyar\u2013Sza\u00fadi \u00dczleti F\u00f3rum: M\u00f3rahalmon indulnak a k\u00f6z\u00f6s fejleszt\u00e9sek\" tabindex=\"-1\" aria-hidden=\"true\">\r\n                <img class=\"img-responsive img-center\" src=\"\/images\/no-feed-item.png\" alt=\"Magyar\u2013Sza\u00fadi \u00dczleti F\u00f3rum: M\u00f3rahalmon indulnak a k\u00f6z\u00f6s fejleszt\u00e9sek\">\r\n            <\/a>\r\n        <\/div>\r\n        <div class=\"col-xs-7 info\">\r\n        <div class=\"title\" role=\"heading\" aria-level=\"4\"><a  href=\"https:\/\/mkik.hu\/hirek\/magyarszaudi-uzleti-forum-morahalmon-indulnak-a-kozos-fejlesztesek\">Magyar\u2013Sza\u00fadi \u00dczleti F\u00f3rum: M\u00f3rahalmon indulnak a k\u00f6z\u00f6s fejleszt\u00e9sek<\/a><\/div>\r\n                    <ul class=\"categories\">\r\n                                    <li><a style=\"background: #5db47c; color: #000000\" href=\"https:\/\/mkik.hu\/hirek\/magyar-kereskedelmi-es-iparkamara\" aria-label=\"Magyar Kereskedelmi \u00e9s Iparkamara kateg\u00f3ri\u00e1k megnyit\u00e1sa\">Magyar Kereskedelmi \u00e9s Iparkamara<\/a><\/li>\r\n                                    <li><a style=\"background: #13653e; color: #ffffff\" href=\"https:\/\/mkik.hu\/hirek\/kulgazdasag\" aria-label=\"K\u00fclgazdas\u00e1g kateg\u00f3ri\u00e1k megnyit\u00e1sa\">K\u00fclgazdas\u00e1g<\/a><\/li>\r\n                                    <li><a style=\"background: #823a95; color: #ffffff\" href=\"https:\/\/mkik.hu\/hirek\/sajtokozlemeny\" aria-label=\"Sajt\u00f3k\u00f6zlem\u00e9ny kateg\u00f3ri\u00e1k megnyit\u00e1sa\">Sajt\u00f3k\u00f6zlem\u00e9ny<\/a><\/li>\r\n                                <li><span class=\"public-at\">2025. december 11.<\/span><\/li>\r\n            <\/ul>\r\n                <div class=\"desc\">A Kamara szervez\u00e9s\u00e9ben megval\u00f3sult Magyar\u2013Sza\u00fadi \u00dczleti F\u00f3rumon egy\u00fcttm\u0171k\u00f6d\u00e9si meg\u00e1llapod\u00e1st (MoU) \u00edrtak al\u00e1 a M\u00f3rahalom t\u00e9rs\u00e9g\u00e9ben megval\u00f3sul\u00f3 k\u00f6z\u00f6s fejleszt\u00e9si programok elind\u00edt\u00e1sa \u00e9rdek\u00e9ben.<\/div>\r\n    <\/div>\r\n<\/div>        <\/div>\r\n    <\/div>\r\n\r\n<ul class=\"pagination text-center\">\r\n                    <li class=\"left\"><a aria-label=\"El\u0151z\u0151\" href=\"https:\/\/mkik.hu\/api\/feeds\/page?page=8\" rel=\"nofollow\"><i aria-hidden=\"true\" class=\"icon icon-arrow-flat-left\"><\/i><\/a><\/li>\r\n        \r\n                    \r\n                                                                        <li><a href=\"https:\/\/mkik.hu\/api\/feeds\/page?page=1\" rel=\"nofollow\" aria-label=\"1. oldal bet\u00f6lt\u00e9se\">01<\/a><\/li>\r\n                                                                                <li><a href=\"https:\/\/mkik.hu\/api\/feeds\/page?page=2\" rel=\"nofollow\" aria-label=\"2. oldal bet\u00f6lt\u00e9se\">02<\/a><\/li>\r\n                                                                                    <li class=\"disabled\"><span>...<\/span><\/li>\r\n            \r\n                                \r\n                                                                        <li><a href=\"https:\/\/mkik.hu\/api\/feeds\/page?page=6\" rel=\"nofollow\" aria-label=\"6. oldal bet\u00f6lt\u00e9se\">06<\/a><\/li>\r\n                                                                                <li><a href=\"https:\/\/mkik.hu\/api\/feeds\/page?page=7\" rel=\"nofollow\" aria-label=\"7. oldal bet\u00f6lt\u00e9se\">07<\/a><\/li>\r\n                                                                                <li><a href=\"https:\/\/mkik.hu\/api\/feeds\/page?page=8\" rel=\"nofollow\" aria-label=\"8. oldal bet\u00f6lt\u00e9se\">08<\/a><\/li>\r\n                                                                                <li class=\"active\"><span>09<\/span><\/li>\r\n                                                                                <li><a href=\"https:\/\/mkik.hu\/api\/feeds\/page?page=10\" rel=\"nofollow\" aria-label=\"10. oldal bet\u00f6lt\u00e9se\">10<\/a><\/li>\r\n                                                                                <li><a href=\"https:\/\/mkik.hu\/api\/feeds\/page?page=11\" rel=\"nofollow\" aria-label=\"11. oldal bet\u00f6lt\u00e9se\">11<\/a><\/li>\r\n                                                                                <li><a href=\"https:\/\/mkik.hu\/api\/feeds\/page?page=12\" rel=\"nofollow\" aria-label=\"12. oldal bet\u00f6lt\u00e9se\">12<\/a><\/li>\r\n                                                                                    <li class=\"disabled\"><span>...<\/span><\/li>\r\n            \r\n                                \r\n                                                                        <li><a href=\"https:\/\/mkik.hu\/api\/feeds\/page?page=101\" rel=\"nofollow\" aria-label=\"101. oldal bet\u00f6lt\u00e9se\">101<\/a><\/li>\r\n                                                                                <li><a href=\"https:\/\/mkik.hu\/api\/feeds\/page?page=102\" rel=\"nofollow\" aria-label=\"102. oldal bet\u00f6lt\u00e9se\">102<\/a><\/li>\r\n                                                        \r\n                    <li class=\"right\"><a aria-label=\"K\u00f6vetkez\u0151\" href=\"https:\/\/mkik.hu\/api\/feeds\/page?page=10\" rel=\"nofollow\"><i aria-hidden=\"true\" class=\"icon icon-arrow-flat-right\"><\/i><\/a><\/li>\r\n            <\/ul>\r\n\r\n","page":"9"}